{"id":2723,"date":"2015-02-03T14:19:14","date_gmt":"2015-02-03T13:19:14","guid":{"rendered":"http:\/\/inercomunicacion.com\/?p=2723\/"},"modified":"2017-05-11T18:07:57","modified_gmt":"2017-05-11T16:07:57","slug":"commitment-to-fight-climate-change","status":"publish","type":"post","link":"https:\/\/inercomunicacion.com\/en\/commitment-to-fight-climate-change\/","title":{"rendered":"Commitment to fight Climate Change"},"content":{"rendered":"<p><strong>INERCO RENEWS ITS COMMITMENT TO FIGHT CLIMATE CHANGE WITH ADHESION TO THE ANDALUSIAN EMISSIONS OFFSETTING SYSTEM<\/strong><\/p>\n<p><strong>INERCO<\/strong> has reaffirmed its commitment to <strong>fighting climate change<\/strong> with the renewal of its membership of the <a href=\"http:\/\/www.juntadeandalucia.es\/medioambiente\/site\/pacc\/menuitem.acad89bbe95916b477fe53b45510e1ca\/?vgnextoid=f460f2bea21f7210VgnVCM1000001325e50aRCRD&amp;vgnextchannel=1b7c1e9604273210VgnVCM10000055011eacRCRD&amp;lr=lang_es\">Andalusian Emissions Offsetting System (SACE, for its Spanish initials)<\/a>. The platform is promoted by the <a href=\"http:\/\/www.juntadeandalucia.es\/medioambiente\/site\/portalweb\/\">Regional Ministry of the Environment and Land Zoning of the Andalusian regional government<\/a> and includes companies that voluntarily take part in the <strong>reduction of atmospheric greenhouse gas (GHG) emissions<\/strong>.<\/p>\n<p>This membership represents <strong>INERCO<\/strong>\u2019s voluntary participation in the initiative, in line with the company\u2019s internal code of ethics, which establishes minimising environmental impact as one action to be taken, among other measures. As part of this, <strong>INERCO<\/strong> carries out an annual greenhouse gas emissions audit and prepares an emissions reduction plan.<\/p>\n<div id='gallery-1' class='vw-custom-tiled-gallery galleryid-2723 clearfix' data-gallery-layout='213'><figure class='gallery-item'><a title=\"Representatives of firms adhering to the Andalusian Emissions Offsetting System (SACE).\"  href='https:\/\/inercomunicacion.com\/es\/wp-content\/uploads\/INERCO-cambio-climatico-climatic-change.jpg'><img fetchpriority=\"high\" decoding=\"async\" width=\"750\" height=\"375\" src=\"https:\/\/inercomunicacion.com\/es\/wp-content\/uploads\/INERCO-cambio-climatico-climatic-change-750x375.jpg\" class=\"attachment-vw_two_third_thumbnail size-vw_two_third_thumbnail\" alt=\"\" \/><\/a>\n\t\t\t\t\t<figcaption class='gallery-caption'>\n\t\t\t\t\tRepresentatives of firms adhering to the Andalusian Emissions Offsetting System (SACE).\n\t\t\t\t\t<\/figcaption><\/figure><figure class='gallery-item'><a title=\"The minister Mar\u00eda Jes\u00fas Serrano alongside INERCO general director Pedro Mar\u00edn.\"  href='https:\/\/inercomunicacion.com\/es\/wp-content\/uploads\/inerco-cambio-climatico-responsabilidad-social-corporativa.jpg'><img decoding=\"async\" width=\"750\" height=\"375\" src=\"https:\/\/inercomunicacion.com\/es\/wp-content\/uploads\/inerco-cambio-climatico-responsabilidad-social-corporativa-750x375.jpg\" class=\"attachment-vw_two_third_thumbnail size-vw_two_third_thumbnail\" alt=\"\" \/><\/a>\n\t\t\t\t\t<figcaption class='gallery-caption'>\n\t\t\t\t\tThe minister Mar\u00eda Jes\u00fas Serrano alongside INERCO general director Pedro Mar\u00edn.\n\t\t\t\t\t<\/figcaption><\/figure><\/div>\n\n<p><strong>INERCO<\/strong> general director <strong>Pedro Mar\u00edn<\/strong> collected the certificate accrediting the agreement from the regional minister for the environment and land zoning, Mar\u00eda Jes\u00fas Serrano, alongside the other companies subscribing to the system. A total of <strong>61 Andalusian companies have joined SACE<\/strong>; in the words of the minister, this \u201cdemonstrates Andalusia\u2019s commitment and awareness in the fight against climate change.\u201d<\/p>\n<p><strong>Pedro Mar\u00edn<\/strong> in turn highlighted that the company\u2019s signature of the document demonstrates \u201c<strong>INERCO<\/strong>\u2019s firm commitment to reducing greenhouse gas emissions, in accordance with the work we are carrying out with our main customers.\u201d<\/p>\n","protected":false},"excerpt":{"rendered":"<p>INERCO RENEWS ITS COMMITMENT TO FIGHT CLIMATE CHANGE WITH ADHESION TO THE ANDALUSIAN EMISSIONS OFFSETTING SYSTEM INERCO has reaffirmed its commitment to fighting climate change with the renewal of its membership of the Andalusian Emissions Offsetting System (SACE, for its Spanish initials). The platform is promoted by the Regional Ministry<\/p>\n","protected":false},"author":7,"featured_media":704,"comment_status":"open","ping_status":"open","sticky":false,"template":"","format":"standard","meta":{"footnotes":""},"categories":[123,105,122,114],"tags":[],"yoast_head":"<!-- This site is optimized with the Yoast SEO plugin v22.3 - https:\/\/yoast.com\/wordpress\/plugins\/seo\/ -->\n<title>Commitment to fight Climate Change - Inercomunicaci\u00f3n<\/title>\n<meta name=\"robots\" content=\"index, follow, max-snippet:-1, max-image-preview:large, max-video-preview:-1\" \/>\n<link rel=\"canonical\" href=\"https:\/\/inercomunicacion.com\/en\/commitment-to-fight-climate-change\/\" \/>\n<meta property=\"og:locale\" content=\"en_US\" \/>\n<meta property=\"og:type\" content=\"article\" \/>\n<meta property=\"og:title\" content=\"Commitment to fight Climate Change - Inercomunicaci\u00f3n\" \/>\n<meta property=\"og:description\" content=\"INERCO RENEWS ITS COMMITMENT TO FIGHT CLIMATE CHANGE WITH ADHESION TO THE ANDALUSIAN EMISSIONS OFFSETTING SYSTEM INERCO has reaffirmed its commitment to fighting climate change with the renewal of its membership of the Andalusian Emissions Offsetting System (SACE, for its Spanish initials). The platform is promoted by the Regional Ministry\" \/>\n<meta property=\"og:url\" content=\"https:\/\/inercomunicacion.com\/en\/commitment-to-fight-climate-change\/\" \/>\n<meta property=\"og:site_name\" content=\"Inercomunicaci\u00f3n\" \/>\n<meta property=\"article:published_time\" content=\"2015-02-03T13:19:14+00:00\" \/>\n<meta property=\"article:modified_time\" content=\"2017-05-11T16:07:57+00:00\" \/>\n<meta property=\"og:image\" content=\"https:\/\/inercomunicacion.com\/es\/wp-content\/uploads\/inerco-cambio-climatico-responsabilidad-social-corporativa.jpg\" \/>\n\t<meta property=\"og:image:width\" content=\"1263\" \/>\n\t<meta property=\"og:image:height\" content=\"560\" \/>\n\t<meta property=\"og:image:type\" content=\"image\/jpeg\" \/>\n<meta name=\"author\" content=\"INERCOmunicaci\u00f3n\" \/>\n<meta name=\"twitter:card\" content=\"summary_large_image\" \/>\n<meta name=\"twitter:creator\" content=\"@https:\/\/twitter.com\/Inerco_\" \/>\n<meta name=\"twitter:site\" content=\"@Inerco_\" \/>\n<meta name=\"twitter:label1\" content=\"Written by\" \/>\n\t<meta name=\"twitter:data1\" content=\"INERCOmunicaci\u00f3n\" \/>\n\t<meta name=\"twitter:label2\" content=\"Est. reading time\" \/>\n\t<meta name=\"twitter:data2\" content=\"1 minute\" \/>\n<script type=\"application\/ld+json\" class=\"yoast-schema-graph\">{\"@context\":\"https:\/\/schema.org\",\"@graph\":[{\"@type\":\"WebPage\",\"@id\":\"https:\/\/inercomunicacion.com\/en\/commitment-to-fight-climate-change\/\",\"url\":\"https:\/\/inercomunicacion.com\/en\/commitment-to-fight-climate-change\/\",\"name\":\"Commitment to fight Climate Change - Inercomunicaci\u00f3n\",\"isPartOf\":{\"@id\":\"https:\/\/inercomunicacion.com\/#website\"},\"primaryImageOfPage\":{\"@id\":\"https:\/\/inercomunicacion.com\/en\/commitment-to-fight-climate-change\/#primaryimage\"},\"image\":{\"@id\":\"https:\/\/inercomunicacion.com\/en\/commitment-to-fight-climate-change\/#primaryimage\"},\"thumbnailUrl\":\"https:\/\/inercomunicacion.com\/es\/wp-content\/uploads\/inerco-cambio-climatico-responsabilidad-social-corporativa.jpg\",\"datePublished\":\"2015-02-03T13:19:14+00:00\",\"dateModified\":\"2017-05-11T16:07:57+00:00\",\"author\":{\"@id\":\"https:\/\/inercomunicacion.com\/#\/schema\/person\/93e7cb00d4c2035e9faf954aa9a9f53f\"},\"breadcrumb\":{\"@id\":\"https:\/\/inercomunicacion.com\/en\/commitment-to-fight-climate-change\/#breadcrumb\"},\"inLanguage\":\"en-US\",\"potentialAction\":[{\"@type\":\"ReadAction\",\"target\":[\"https:\/\/inercomunicacion.com\/en\/commitment-to-fight-climate-change\/\"]}]},{\"@type\":\"ImageObject\",\"inLanguage\":\"en-US\",\"@id\":\"https:\/\/inercomunicacion.com\/en\/commitment-to-fight-climate-change\/#primaryimage\",\"url\":\"https:\/\/inercomunicacion.com\/es\/wp-content\/uploads\/inerco-cambio-climatico-responsabilidad-social-corporativa.jpg\",\"contentUrl\":\"https:\/\/inercomunicacion.com\/es\/wp-content\/uploads\/inerco-cambio-climatico-responsabilidad-social-corporativa.jpg\",\"width\":1263,\"height\":560,\"caption\":\"The minister Mar\u00eda Jes\u00fas Serrano alongside INERCO general director Pedro Mar\u00edn.\"},{\"@type\":\"BreadcrumbList\",\"@id\":\"https:\/\/inercomunicacion.com\/en\/commitment-to-fight-climate-change\/#breadcrumb\",\"itemListElement\":[{\"@type\":\"ListItem\",\"position\":1,\"name\":\"Home\",\"item\":\"https:\/\/inercomunicacion.com\/en\/\"},{\"@type\":\"ListItem\",\"position\":2,\"name\":\"Commitment to fight Climate Change\"}]},{\"@type\":\"WebSite\",\"@id\":\"https:\/\/inercomunicacion.com\/#website\",\"url\":\"https:\/\/inercomunicacion.com\/\",\"name\":\"Inercomunicaci\u00f3n\",\"description\":\"Noticias de INERCO\",\"potentialAction\":[{\"@type\":\"SearchAction\",\"target\":{\"@type\":\"EntryPoint\",\"urlTemplate\":\"https:\/\/inercomunicacion.com\/?s={search_term_string}\"},\"query-input\":\"required name=search_term_string\"}],\"inLanguage\":\"en-US\"},{\"@type\":\"Person\",\"@id\":\"https:\/\/inercomunicacion.com\/#\/schema\/person\/93e7cb00d4c2035e9faf954aa9a9f53f\",\"name\":\"INERCOmunicaci\u00f3n\",\"image\":{\"@type\":\"ImageObject\",\"inLanguage\":\"en-US\",\"@id\":\"https:\/\/inercomunicacion.com\/#\/schema\/person\/image\/\",\"url\":\"https:\/\/inercomunicacion.com\/es\/wp-content\/uploads\/favicon_INERCO_114.png\",\"contentUrl\":\"https:\/\/inercomunicacion.com\/es\/wp-content\/uploads\/favicon_INERCO_114.png\",\"caption\":\"INERCOmunicaci\u00f3n\"},\"sameAs\":[\"https:\/\/www.inerco.com\",\"https:\/\/www.linkedin.com\/company\/inerco-s.a.\",\"https:\/\/twitter.com\/https:\/\/twitter.com\/Inerco_\",\"https:\/\/www.youtube.com\/channel\/UCkGls-e-j4V57RWNJNKAS1g\"],\"url\":\"https:\/\/inercomunicacion.com\/en\/author\/inercomunicacion\/\"}]}<\/script>\n<!-- \/ Yoast SEO plugin. -->","yoast_head_json":{"title":"Commitment to fight Climate Change - Inercomunicaci\u00f3n","robots":{"index":"index","follow":"follow","max-snippet":"max-snippet:-1","max-image-preview":"max-image-preview:large","max-video-preview":"max-video-preview:-1"},"canonical":"https:\/\/inercomunicacion.com\/en\/commitment-to-fight-climate-change\/","og_locale":"en_US","og_type":"article","og_title":"Commitment to fight Climate Change - Inercomunicaci\u00f3n","og_description":"INERCO RENEWS ITS COMMITMENT TO FIGHT CLIMATE CHANGE WITH ADHESION TO THE ANDALUSIAN EMISSIONS OFFSETTING SYSTEM INERCO has reaffirmed its commitment to fighting climate change with the renewal of its membership of the Andalusian Emissions Offsetting System (SACE, for its Spanish initials). The platform is promoted by the Regional Ministry","og_url":"https:\/\/inercomunicacion.com\/en\/commitment-to-fight-climate-change\/","og_site_name":"Inercomunicaci\u00f3n","article_published_time":"2015-02-03T13:19:14+00:00","article_modified_time":"2017-05-11T16:07:57+00:00","og_image":[{"width":1263,"height":560,"url":"https:\/\/inercomunicacion.com\/es\/wp-content\/uploads\/inerco-cambio-climatico-responsabilidad-social-corporativa.jpg","type":"image\/jpeg"}],"author":"INERCOmunicaci\u00f3n","twitter_card":"summary_large_image","twitter_creator":"@https:\/\/twitter.com\/Inerco_","twitter_site":"@Inerco_","twitter_misc":{"Written by":"INERCOmunicaci\u00f3n","Est. reading time":"1 minute"},"schema":{"@context":"https:\/\/schema.org","@graph":[{"@type":"WebPage","@id":"https:\/\/inercomunicacion.com\/en\/commitment-to-fight-climate-change\/","url":"https:\/\/inercomunicacion.com\/en\/commitment-to-fight-climate-change\/","name":"Commitment to fight Climate Change - Inercomunicaci\u00f3n","isPartOf":{"@id":"https:\/\/inercomunicacion.com\/#website"},"primaryImageOfPage":{"@id":"https:\/\/inercomunicacion.com\/en\/commitment-to-fight-climate-change\/#primaryimage"},"image":{"@id":"https:\/\/inercomunicacion.com\/en\/commitment-to-fight-climate-change\/#primaryimage"},"thumbnailUrl":"https:\/\/inercomunicacion.com\/es\/wp-content\/uploads\/inerco-cambio-climatico-responsabilidad-social-corporativa.jpg","datePublished":"2015-02-03T13:19:14+00:00","dateModified":"2017-05-11T16:07:57+00:00","author":{"@id":"https:\/\/inercomunicacion.com\/#\/schema\/person\/93e7cb00d4c2035e9faf954aa9a9f53f"},"breadcrumb":{"@id":"https:\/\/inercomunicacion.com\/en\/commitment-to-fight-climate-change\/#breadcrumb"},"inLanguage":"en-US","potentialAction":[{"@type":"ReadAction","target":["https:\/\/inercomunicacion.com\/en\/commitment-to-fight-climate-change\/"]}]},{"@type":"ImageObject","inLanguage":"en-US","@id":"https:\/\/inercomunicacion.com\/en\/commitment-to-fight-climate-change\/#primaryimage","url":"https:\/\/inercomunicacion.com\/es\/wp-content\/uploads\/inerco-cambio-climatico-responsabilidad-social-corporativa.jpg","contentUrl":"https:\/\/inercomunicacion.com\/es\/wp-content\/uploads\/inerco-cambio-climatico-responsabilidad-social-corporativa.jpg","width":1263,"height":560,"caption":"The minister Mar\u00eda Jes\u00fas Serrano alongside INERCO general director Pedro Mar\u00edn."},{"@type":"BreadcrumbList","@id":"https:\/\/inercomunicacion.com\/en\/commitment-to-fight-climate-change\/#breadcrumb","itemListElement":[{"@type":"ListItem","position":1,"name":"Home","item":"https:\/\/inercomunicacion.com\/en\/"},{"@type":"ListItem","position":2,"name":"Commitment to fight Climate Change"}]},{"@type":"WebSite","@id":"https:\/\/inercomunicacion.com\/#website","url":"https:\/\/inercomunicacion.com\/","name":"Inercomunicaci\u00f3n","description":"Noticias de INERCO","potentialAction":[{"@type":"SearchAction","target":{"@type":"EntryPoint","urlTemplate":"https:\/\/inercomunicacion.com\/?s={search_term_string}"},"query-input":"required name=search_term_string"}],"inLanguage":"en-US"},{"@type":"Person","@id":"https:\/\/inercomunicacion.com\/#\/schema\/person\/93e7cb00d4c2035e9faf954aa9a9f53f","name":"INERCOmunicaci\u00f3n","image":{"@type":"ImageObject","inLanguage":"en-US","@id":"https:\/\/inercomunicacion.com\/#\/schema\/person\/image\/","url":"https:\/\/inercomunicacion.com\/es\/wp-content\/uploads\/favicon_INERCO_114.png","contentUrl":"https:\/\/inercomunicacion.com\/es\/wp-content\/uploads\/favicon_INERCO_114.png","caption":"INERCOmunicaci\u00f3n"},"sameAs":["https:\/\/www.inerco.com","https:\/\/www.linkedin.com\/company\/inerco-s.a.","https:\/\/twitter.com\/https:\/\/twitter.com\/Inerco_","https:\/\/www.youtube.com\/channel\/UCkGls-e-j4V57RWNJNKAS1g"],"url":"https:\/\/inercomunicacion.com\/en\/author\/inercomunicacion\/"}]}},"_links":{"self":[{"href":"https:\/\/inercomunicacion.com\/en\/wp-json\/wp\/v2\/posts\/2723\/"}],"collection":[{"href":"https:\/\/inercomunicacion.com\/en\/wp-json\/wp\/v2\/posts\/"}],"about":[{"href":"https:\/\/inercomunicacion.com\/en\/wp-json\/wp\/v2\/types\/post\/"}],"author":[{"embeddable":true,"href":"https:\/\/inercomunicacion.com\/en\/wp-json\/wp\/v2\/users\/7\/"}],"replies":[{"embeddable":true,"href":"https:\/\/inercomunicacion.com\/en\/wp-json\/wp\/v2\/comments\/?post=2723"}],"version-history":[{"count":3,"href":"https:\/\/inercomunicacion.com\/en\/wp-json\/wp\/v2\/posts\/2723\/revisions\/"}],"predecessor-version":[{"id":3068,"href":"https:\/\/inercomunicacion.com\/en\/wp-json\/wp\/v2\/posts\/2723\/revisions\/3068\/"}],"wp:featuredmedia":[{"embeddable":true,"href":"https:\/\/inercomunicacion.com\/en\/wp-json\/wp\/v2\/media\/704\/"}],"wp:attachment":[{"href":"https:\/\/inercomunicacion.com\/en\/wp-json\/wp\/v2\/media\/?parent=2723"}],"wp:term":[{"taxonomy":"category","embeddable":true,"href":"https:\/\/inercomunicacion.com\/en\/wp-json\/wp\/v2\/categories\/?post=2723"},{"taxonomy":"post_tag","embeddable":true,"href":"https:\/\/inercomunicacion.com\/en\/wp-json\/wp\/v2\/tags\/?post=2723"}],"curies":[{"name":"wp","href":"https:\/\/api.w.org\/{rel}","templated":true}]}}